{"id":9123,"date":"2021-02-25T09:39:28","date_gmt":"2021-02-25T08:39:28","guid":{"rendered":"http:\/\/eurofitness.com\/?p=9123\/"},"modified":"2021-02-25T09:39:28","modified_gmt":"2021-02-25T08:39:28","slug":"como-afecta-teletrabajar-en-pijama","status":"publish","type":"post","link":"https:\/\/eurofitness.com\/es\/como-afecta-teletrabajar-en-pijama\/","title":{"rendered":"\u00bfC\u00f3mo afecta a la salud mental teletrabajar en pijama?"},"content":{"rendered":"<h1><\/h1>\n<p>&nbsp;<\/p>\n<p>&nbsp;<\/p>\n<p>&nbsp;<\/p>\n<h1>\u00bfC\u00f3mo afecta a la salud mental teletrabajar en pijama?<\/h1>\n<p>&nbsp;<\/p>\n<p><img decoding=\"async\" class=\"aligncenter\" src=\"http:\/\/eurofitness.com\/wp-content\/uploads\/2021\/02\/%C2%BFC%C3%B3mo-afecta-a-la-salud-mental-teletrabajar-en-pijama.jpg\" alt=\"\u00bfC\u00f3mo afecta a la salud mental teletrabajar en pijama?\" \/><\/p>\n<p><span style=\"vertical-align: inherit\"><span style=\"vertical-align: inherit\">Durante a\u00f1os, muchas personas que ten\u00edan que salir a diario a su trabajo, so\u00f1aban con trabajar desde casa. <\/span><span style=\"vertical-align: inherit\">La pandemia que comenz\u00f3 2020 impuls\u00f3 esa forma de trabajo. <\/span><span style=\"vertical-align: inherit\">Sin embargo, ahora se cree que hay que volver a ciertas medidas para el teletrabajo\u00a0 como, por ejemplo, evitar <\/span><\/span><strong><em><span style=\"vertical-align: inherit\"><span style=\"vertical-align: inherit\">teletrabajar en pijama. <\/span><\/span><\/em><\/strong><span style=\"vertical-align: inherit\"><span style=\"vertical-align: inherit\">\u00bfSabes que no\u00a0hacer eso afecta a la salud mental? <\/span><span style=\"vertical-align: inherit\">Te contamos por qu\u00e9.<\/span><\/span><\/p>\n<h2><span style=\"vertical-align: inherit\"><span style=\"vertical-align: inherit\">C\u00f3mo nos afecta teletrabajar en pijama<\/span><\/span><\/h2>\n<p><span style=\"vertical-align: inherit\"><span style=\"vertical-align: inherit\">Son muchas las personas que creen que teletrabajar\u00a0es sin\u00f3nimo de dejarse, total, est\u00e1s en casa y nadie te ve. <\/span><\/span><strong><span style=\"vertical-align: inherit\"><span style=\"vertical-align: inherit\">Algunos solo se peinan y se arreglan un poco si tienen una videoconferencia. <\/span><\/span><\/strong><span style=\"vertical-align: inherit\"><span style=\"vertical-align: inherit\">Sin embargo, si dejas de arreglarte a diario, no har\u00e1 m\u00e1s que alimentar la desgana que aumentar\u00e1 tu pereza, no solo para eso, sino para el resto del d\u00eda.<\/span><\/span><\/p>\n<p><span style=\"vertical-align: inherit\"><span style=\"vertical-align: inherit\">El problema radica en que trabajar en casa no hacemos distinciones de lo laboral y lo personal, as\u00ed como el tiempo de descanso. <\/span><span style=\"vertical-align: inherit\">\u00bfEstar en pijama no significa estar en el momento de descansar? <\/span><span style=\"vertical-align: inherit\">Pero, si trabajamos en pijama, \u00bfno ser\u00eda eso contraproducente?<\/span><\/span><\/p>\n<p><span style=\"vertical-align: inherit\"><span style=\"vertical-align: inherit\">Esto, junto con la <\/span><\/span><strong><span style=\"vertical-align: inherit\"><span style=\"vertical-align: inherit\">falta de <\/span><\/span><span style=\"vertical-align: inherit\"><span style=\"vertical-align: inherit\"><a href=\"\/?p=8859\">autodisciplina<\/a>,<\/span><\/span><\/strong><span style=\"vertical-align: inherit\"><span style=\"vertical-align: inherit\"> nos\u00a0lleva a divagar perdiendo la concentraci\u00f3n y no pudiendo abarcar todas las responsabilidades laborales que nos han asignado. <\/span><span style=\"vertical-align: inherit\">Estar en pijama un d\u00eda p<\/span><\/span><span style=\"vertical-align: inherit\"><span style=\"vertical-align: inherit\">orque nos apetece no es un problema, pero dar\u00a0por sentado que no es necesario arreglarse va a implicar abandono, desgana y eso, a fin de cuentas, no es bueno para el estado de \u00e1nimo.<\/span><\/span><\/p>\n<p><span style=\"vertical-align: inherit\"><span style=\"vertical-align: inherit\">Verse bien, aunque puede sonar superficial, es un asunto b\u00e1sico para nuestra salud mental. <\/span><span style=\"vertical-align: inherit\">Parece una tonter\u00eda, pero incluso va a disminuir nuestro rendimiento, ya que no estar preparados puede hacernos incapaces de superar nuevos retos laborales que nos surjan. <\/span><\/span><strong><span style=\"vertical-align: inherit\"><span style=\"vertical-align: inherit\">Vestirte de forma profesional cada d\u00eda, aunque trabajes en casa, te ofrece un estado mental diferente que te permitir\u00e1 concentrarte mejor\u00a0<\/span><\/span><\/strong><span style=\"vertical-align: inherit\"><span style=\"vertical-align: inherit\">y comerte el mundo, profesionalmente hablando. <\/span><span style=\"vertical-align: inherit\">Se puede comparar con ir al gimnasio. S<\/span><span style=\"vertical-align: inherit\">eguramente al comenzar te d\u00e9 pereza, y tal vez lo postergues para m\u00e1s tarde\u00a0hasta que se pasa el d\u00eda y no vas. <\/span><span style=\"vertical-align: inherit\">Pero imagina que te levantas y nada m\u00e1s hacerlo, te pones la ropa del gym. <\/span><span style=\"vertical-align: inherit\">\u00bfA qu\u00e9 ahora tienes ganas de hacer deporte? <\/span><span style=\"vertical-align: inherit\">Pues lo mismo sucede cuando nos vestimos para ir al trabajo, incluso si no tenemos que movernos de casa.<\/span><\/span><\/p>\n<h2><span style=\"vertical-align: inherit\"><span style=\"vertical-align: inherit\">C\u00f3mo influye en Nuestra mente teletrabajar en pijama o no<\/span><\/span><\/h2>\n<p><span style=\"vertical-align: inherit\"><span style=\"vertical-align: inherit\">Por mucho que queramos negarlo, lo que vemos exteriormente, ya sea en nosotros o en otros, influye en lo que pensamos. <\/span><span style=\"vertical-align: inherit\">Por el otro lado, c\u00f3mo nos sentimos en el interior es lo que transmitiremos en el exterior. <\/span><span style=\"vertical-align: inherit\">Por tanto, si queremos sentirnos bien con nosotros\u00a0mismos debemos vernos bien exteriormente y eso nos llevar\u00e1 a tener pensamientos optimistas y positivos que nos permitan afrontar cualquier desaf\u00edo que surja.<\/span><\/span><\/p>\n<p><span style=\"vertical-align: inherit\"><span style=\"vertical-align: inherit\">Cuando acicalamos nuestra apariencia exterior lo hacemos, en parte, porque los\u00a0dem\u00e1s\u00a0 nos vean bien. <\/span><span style=\"vertical-align: inherit\">Especialmente si hablamos de un entorno de trabajo en el que queremos reflejar autoridad, confianza, credibilidad y r<\/span><\/span><span style=\"vertical-align: inherit\"><span style=\"vertical-align: inherit\">espeto. <\/span><span style=\"vertical-align: inherit\">La pregunta que debes hacerte es: <\/span><\/span><strong><span style=\"vertical-align: inherit\"><span style=\"vertical-align: inherit\">\u00bfPor qu\u00e9 soy\u00a0capaz de hacer eso para los dem\u00e1s, pero no para m\u00ed mismo?<\/span><\/span><\/strong><\/p>\n<p><span style=\"vertical-align: inherit\"><span style=\"vertical-align: inherit\">Bien, la respuesta que te des a ti mismo, reflejar\u00e1 el estado mental que tienes en este momento. <\/span><span style=\"vertical-align: inherit\">\u00a1No es tarde para cambiar!<\/span><\/span><\/p>\n<h2><span style=\"vertical-align: inherit\"><span style=\"vertical-align: inherit\">C\u00f3mo dejar de teletrabajar en pijama<\/span><\/span><\/h2>\n<p><span style=\"vertical-align: inherit\"><span style=\"vertical-align: inherit\">Las bajadas de \u00e1nimo y la falta de autoestima son dos factores influyentes en el comienzo de depresi\u00f3n. <\/span><span style=\"vertical-align: inherit\">Por tanto, hay que\u00a0hacer algo para evitarlo. <\/span><span style=\"vertical-align: inherit\">Comienza por:<\/span><\/span><\/p>\n<ul>\n<li><strong><span style=\"vertical-align: inherit\"><span style=\"vertical-align: inherit\">Marcarte un horario. <\/span><\/span><\/strong><span style=\"vertical-align: inherit\"><span style=\"vertical-align: inherit\">Si tu teletrabajo no tiene horario fijo, p\u00f3nselo t\u00fa. <\/span><span style=\"vertical-align: inherit\">Puede ir adaptado en funci\u00f3n de algunas actividades importantes que tengas que hacer en d\u00edas se\u00f1alados, como por ejemplo una cita m\u00e9dica. Lo<\/span><span style=\"vertical-align: inherit\">\u00a0importante es que digas &#8216;de esta hora a esta hora trabajo&#8217;.<\/span><\/span><\/li>\n<li><strong><span style=\"vertical-align: inherit\"><span style=\"vertical-align: inherit\">No comiences a trabajar antes de vestirte, peinarte y maquillarte<\/span><\/span><\/strong><span style=\"vertical-align: inherit\"><span style=\"vertical-align: inherit\"> un poco. <\/span><span style=\"vertical-align: inherit\">No hace falta que te pongas tacones, pero arr\u00e9glate como si fueras a trabajar a la oficina.<\/span><\/span><\/li>\n<li><strong><span style=\"vertical-align: inherit\"><span style=\"vertical-align: inherit\">Desayunar antes<\/span><\/span><\/strong><span style=\"vertical-align: inherit\"><span style=\"vertical-align: inherit\"> de comenzar a trabajar, en pijama, si quieres.<\/span><\/span><\/li>\n<li><strong><span style=\"vertical-align: inherit\"><span style=\"vertical-align: inherit\">Busca una silla. <\/span><\/span><\/strong><span style=\"vertical-align: inherit\"><span style=\"vertical-align: inherit\">Es mejor que tengas un espacio determinaci\u00f3n para el trabajo, con una silla y una mesa, mejor que un sof\u00e1 con cojines.<\/span><\/span><\/li>\n<\/ul>\n<p><span style=\"vertical-align: inherit\"><span style=\"vertical-align: inherit\">\u00bfTe animas a dejar de teletrabajar en pijama y as\u00ed sentirte mejor contigo mismo?<\/span><\/span><\/p>\n<div id=\"main\">\n<section class=\"content-section\">\n<div class=\"row\">\n<section class=\"elementor-element elementor-element-22763875 elementor-section-boxed elementor-section-height-default elementor-section-height-default elementor-section elementor-top-section\">\n<div class=\"elementor-container elementor-column-gap-default\">\n<div class=\"elementor-row\">\n<div class=\"elementor-element elementor-element-438cc181 elementor-column elementor-col-100 elementor-top-column\">\n<div class=\"elementor-column-wrap elementor-element-populated\">\n<div class=\"elementor-widget-wrap\">\n<div class=\"elementor-element elementor-element-7d3cec8c elementor-widget elementor-widget-text-editor\">\n<div class=\"elementor-widget-container\">\n<div class=\"elementor-text-editor elementor-clearfix\">\n<p><em><span style=\"vertical-align: inherit\"><span style=\"vertical-align: inherit\">No olvides seguirnos en nuestras redes sociales:\u00a0<\/span><\/span><a href=\"https:\/\/www.youtube.com\/channel\/UCHRRI_6cqcGMcHtOsFPqceg\"><span style=\"vertical-align: inherit\"><span style=\"vertical-align: inherit\">YouTube<\/span><\/span><\/a><span style=\"vertical-align: inherit\"><span style=\"vertical-align: inherit\">, <\/span><\/span><a href=\"https:\/\/www.facebook.com\/pg\/CentresEurofitness\/posts\/\" target=\"_blank\" rel=\"noopener noreferrer\"><span style=\"vertical-align: inherit\"><span style=\"vertical-align: inherit\">Facebook<\/span><\/span><\/a><span style=\"vertical-align: inherit\"><span style=\"vertical-align: inherit\"> e <\/span><\/span><a href=\"https:\/\/www.instagram.com\/clubseurofitness\/\"><span style=\"vertical-align: inherit\"><span style=\"vertical-align: inherit\">Instagram<\/span><\/span><\/a><span style=\"vertical-align: inherit\"><span style=\"vertical-align: inherit\"> \u00a0para estar al tanto de buenos consejos como estos<\/span><\/span><\/em><span style=\"vertical-align: inherit\"><span style=\"vertical-align: inherit\">, relacionados con tu salud, tu bienestar y tu cuidado. <\/span><span style=\"vertical-align: inherit\">En <\/span><\/span><a href=\"https:\/\/eurofitness.com\"><span style=\"vertical-align: inherit\"><span style=\"vertical-align: inherit\">Eurofitness<\/span><\/span><\/a><span style=\"vertical-align: inherit\"><span style=\"vertical-align: inherit\"> nos preocupamos por ti y queremos ayudarte a cuidarte.<\/span><\/span><\/p>\n<\/div>\n<\/div>\n<\/div>\n<\/div>\n<\/div>\n<\/div>\n<\/div>\n<\/div>\n<\/section>\n<\/div>\n<\/section>\n<\/div>\n<div id=\"main\" class=\"has-bg-fixed fixed-bg\"><\/div>\n","protected":false},"excerpt":{"rendered":"<p>&nbsp; &nbsp; &nbsp; \u00bfC\u00f3mo afecta a la salud mental teletrabajar en pijama? &nbsp; Durante a\u00f1os, muchas personas que ten\u00edan que&#8230;<\/p>\n","protected":false},"author":8,"featured_media":9134,"comment_status":"open","ping_status":"open","sticky":false,"template":"","format":"standard","meta":{"_acf_changed":false,"footnotes":""},"categories":[12],"tags":[1287,1288,1289],"class_list":["post-9123","post","type-post","status-publish","format-standard","has-post-thumbnail","hentry","category-salud","tag-teletrabajo","tag-trabajar-desde-casa","tag-verse-bien"],"acf":[],"_links":{"self":[{"href":"https:\/\/eurofitness.com\/es\/wp-json\/wp\/v2\/posts\/9123","targetHints":{"allow":["GET"]}}],"collection":[{"href":"https:\/\/eurofitness.com\/es\/wp-json\/wp\/v2\/posts"}],"about":[{"href":"https:\/\/eurofitness.com\/es\/wp-json\/wp\/v2\/types\/post"}],"author":[{"embeddable":true,"href":"https:\/\/eurofitness.com\/es\/wp-json\/wp\/v2\/users\/8"}],"replies":[{"embeddable":true,"href":"https:\/\/eurofitness.com\/es\/wp-json\/wp\/v2\/comments?post=9123"}],"version-history":[{"count":0,"href":"https:\/\/eurofitness.com\/es\/wp-json\/wp\/v2\/posts\/9123\/revisions"}],"wp:featuredmedia":[{"embeddable":true,"href":"https:\/\/eurofitness.com\/es\/wp-json\/"}],"wp:attachment":[{"href":"https:\/\/eurofitness.com\/es\/wp-json\/wp\/v2\/media?parent=9123"}],"wp:term":[{"taxonomy":"category","embeddable":true,"href":"https:\/\/eurofitness.com\/es\/wp-json\/wp\/v2\/categories?post=9123"},{"taxonomy":"post_tag","embeddable":true,"href":"https:\/\/eurofitness.com\/es\/wp-json\/wp\/v2\/tags?post=9123"}],"curies":[{"name":"wp","href":"https:\/\/api.w.org\/{rel}","templated":true}]}}